[{"@context":"https:\/\/schema.org\/","@type":"Article","@id":"https:\/\/www.kocov.cz\/krasne-stare-kredence\/#Article","mainEntityOfPage":"https:\/\/www.kocov.cz\/krasne-stare-kredence\/","headline":"Kr\u00e1sn\u00e9 star\u00e9 kredence","name":"Kr\u00e1sn\u00e9 star\u00e9 kredence","description":"M\u00e1m moc r\u00e1da historii. Ka\u017ed\u00e1 star\u00e1 v\u011bc m\u00e1 v sob\u011b jak\u00fdsi p\u0159\u00edb\u011bh a jakousi nostalgii. J\u00e1 jsem velmi nostalgicky zalo\u017een\u00e1 a dok\u00e1\u017eu se&#46;&#46;&#46;","datePublished":"2022-02-28","dateModified":"2023-05-02","author":{"@type":"Person","@id":"https:\/\/www.kocov.cz\/author\/#Person","name":"","url":"https:\/\/www.kocov.cz\/author\/","identifier":1,"image":{"@type":"ImageObject","@id":"https:\/\/secure.gravatar.com\/avatar\/505fff4dce96a6fd9b2c3bab9d6ad2c90e3ce4a797f024fc5ad345c11f66ba90?s=96&d=mm&r=g","url":"https:\/\/secure.gravatar.com\/avatar\/505fff4dce96a6fd9b2c3bab9d6ad2c90e3ce4a797f024fc5ad345c11f66ba90?s=96&d=mm&r=g","height":96,"width":96}},"publisher":{"@type":"Organization","name":"kocov.cz","logo":{"@type":"ImageObject","@id":"\/logo.png","url":"\/logo.png","width":600,"height":60}},"image":{"@type":"ImageObject","@id":"https:\/\/www.kocov.cz\/wp-content\/uploads\/fridge-g16613521a_640_1.jpg","url":"https:\/\/www.kocov.cz\/wp-content\/uploads\/fridge-g16613521a_640_1.jpg","height":0,"width":0},"url":"https:\/\/www.kocov.cz\/krasne-stare-kredence\/","about":["V\u00fdrobky"],"wordCount":448,"articleBody":"   M\u00e1m moc r\u00e1da historii. Ka\u017ed\u00e1 star\u00e1 v\u011bc m\u00e1 v sob\u011b jak\u00fdsi p\u0159\u00edb\u011bh a jakousi nostalgii. J\u00e1 jsem velmi nostalgicky zalo\u017een\u00e1 a dok\u00e1\u017eu se d\u00edvat dlouh\u00e9 hodiny na p\u0159edm\u011bty, kter\u00e9 maj\u00ed t\u0159eba sto let. V\u017edy si p\u0159edstavuji, kdo danou v\u011bc vyu\u017e\u00edval a k \u010demu. Komu d\u0159\u00edve dan\u00e1 v\u011bc pat\u0159ila, kde k n\u00ed p\u0159i\u0161el, jak se s n\u00ed zach\u00e1zelo anebo kdy ji doty\u010dn\u00fd m\u011bl naposledy, ne\u017e ji odlo\u017eil. A d\u00edky t\u00e9to m\u00e9 z\u00e1lib\u011b ve star\u00fdch v\u011bcech jsem si zamilovala antikvari\u00e1ty a star\u00e9 p\u016fdy. Nejlep\u0161\u00ed jsou to ty p\u016fdy ve star\u00fdch domech. A j\u00e1 m\u00e1m to \u0161t\u011bst\u00ed, \u017ee v rodin\u011b m\u00e1me dva star\u00e9 domy, jsou m\u00fdch prarodi\u010d\u016f. U nich na p\u016fd\u011b jsou v\u011bci pr\u00fd je\u0161t\u011b po p\u016fvodn\u00edch majitel\u00edch. A to bylo n\u011bco pro m\u011b. Jednou jsem tam na\u0161la star\u00fd st\u016fl. M\u011bl na sob\u011b hodn\u011b prachu a vypadalo to, \u017ee tam snad u\u017e pades\u00e1t let stoj\u00ed. \u010c\u00ed asi byl? M\u00fdch prarodi\u010d\u016f nebyl, to v\u00edm jist\u011b, a nav\u00edc o n\u011bm ani nev\u011bd\u011bli. St\u016fl jsem ot\u0159ela star\u00fdm hadrem, kter\u00fd jsem taky na\u0161la na p\u016fd\u011b a jen tak jsem se zamyslela, komu asi pat\u0159il. Vytvo\u0159\u00edm si v\u017edy n\u011bkolik variant a pak se pr\u00e1m d\u011bdy a babi\u010dky, jestli si n\u00e1hodou na n\u011bco nevzpomenou. O stolu nic nev\u00ed, ale v\u00ed, kde jsou dva kredence Svetpokladu. To m\u011b velmi zaujalo, proto\u017ee u\u017e ten n\u00e1zev, kredenc, je docela star\u00e9 slovo. Kdy\u017e jsem kredence vid\u011bla na p\u016fd\u011b, tak jsem si je hned zamilovala. Byly to velk\u00e9 robustn\u00ed kr\u00e1sky z kvalitn\u00edho masivu. Vypadalo to na o\u0159ech, ten je s\u00e1m o sob\u011b velmi kvalitn\u00ed. Sice lak na kredenc\u00edch nebyl u\u017e ve skv\u011bl\u00e9m stavu, ale i tak kredence vypadaly bo\u017esky. A j\u00e1 se rozhodla je opravit. Na internetu jsem se do\u010detla, jak pe\u010dovat o retro n\u00e1bytek a jak ho opravit. \u0160etrn\u011b jsem obrousila star\u00fd lak, kter\u00fd se olupoval. Nyn\u00ed byly kredence kr\u00e1sn\u011b opracovan\u00e9 a p\u0159\u00edrodn\u00ed. A j\u00e1 si tak \u0159\u00edkala, kter\u00fd \u0161ikovn\u00fd truhl\u00e1\u0159 je asi d\u011blal. Ur\u010dit\u011b mu musely d\u00e1t velkou pr\u00e1ci, proto\u017ee ka\u017ed\u00fd z\u00e1hyb kredenc\u016f byl dokonal\u00fd a precizn\u011b opracovan\u00fd. \u0160lo vid\u011bt, \u017ee jde o kr\u00e1sn\u00fd kus, a ne ledajak\u00e9 s\u00e9riov\u00e9 strojov\u00e9 vyr\u00e1b\u011bn\u00ed, co vydr\u017e\u00ed ani ne rok a pak se rozpadne.                                                                                                                                                                                                                                                                                                                                                                                          4\/5 - (2 votes)        "},{"@context":"https:\/\/schema.org\/","@type":"BreadcrumbList","itemListElement":[{"@type":"ListItem","position":1,"name":"Kr\u00e1sn\u00e9 star\u00e9 kredence","item":"https:\/\/www.kocov.cz\/krasne-stare-kredence\/#breadcrumbitem"}]}]