[{"@context":"https:\/\/schema.org\/","@type":"Article","@id":"https:\/\/www.kocov.cz\/kdyz-se-stane-fotografovani-zivotnim-stylem\/#Article","mainEntityOfPage":"https:\/\/www.kocov.cz\/kdyz-se-stane-fotografovani-zivotnim-stylem\/","headline":"Kdy\u017e se stane fotografov\u00e1n\u00ed \u017eivotn\u00edm stylem","name":"Kdy\u017e se stane fotografov\u00e1n\u00ed \u017eivotn\u00edm stylem","description":"Kdy\u017e si kupujete mobiln\u00ed telefon (netla\u010d\u00edtkov\u00fd smartphone), sou\u010d\u00e1st\u00ed nab\u00eddky vybaven\u00ed b\u00fdvaj\u00ed fotoapar\u00e1ty. Kdybyste p\u0159ed t\u0159iceti lety n\u011bkomu vykl\u00e1dali, \u017ee budete m\u00edt telefon s\u00a0fo\u0165\u00e1kem,&#46;&#46;&#46;","datePublished":"2021-12-11","dateModified":"2023-05-02","author":{"@type":"Person","@id":"https:\/\/www.kocov.cz\/author\/#Person","name":"","url":"https:\/\/www.kocov.cz\/author\/","identifier":1,"image":{"@type":"ImageObject","@id":"https:\/\/secure.gravatar.com\/avatar\/505fff4dce96a6fd9b2c3bab9d6ad2c90e3ce4a797f024fc5ad345c11f66ba90?s=96&d=mm&r=g","url":"https:\/\/secure.gravatar.com\/avatar\/505fff4dce96a6fd9b2c3bab9d6ad2c90e3ce4a797f024fc5ad345c11f66ba90?s=96&d=mm&r=g","height":96,"width":96}},"publisher":{"@type":"Organization","name":"kocov.cz","logo":{"@type":"ImageObject","@id":"\/logo.png","url":"\/logo.png","width":600,"height":60}},"image":{"@type":"ImageObject","@id":"https:\/\/www.kocov.cz\/wp-content\/uploads\/jihlava-4587185_640_1.jpg","url":"https:\/\/www.kocov.cz\/wp-content\/uploads\/jihlava-4587185_640_1.jpg","height":0,"width":0},"url":"https:\/\/www.kocov.cz\/kdyz-se-stane-fotografovani-zivotnim-stylem\/","about":["\u017divotn\u00ed styl"],"wordCount":415,"articleBody":"Kdy\u017e si kupujete mobiln\u00ed telefon (netla\u010d\u00edtkov\u00fd smartphone), sou\u010d\u00e1st\u00ed nab\u00eddky vybaven\u00ed b\u00fdvaj\u00ed fotoapar\u00e1ty. Kdybyste p\u0159ed t\u0159iceti lety n\u011bkomu vykl\u00e1dali, \u017ee budete m\u00edt telefon s\u00a0fo\u0165\u00e1kem, asi by v\u00e1s pova\u017eoval za bl\u00e1zna. Po\u0159\u00eddit dnes mobil s\u00a0fo\u0165\u00e1kem nen\u00ed nic obt\u00ed\u017en\u00e9ho a fotografie \u010di nahr\u00e1van\u00e1 videa se naprosto b\u011b\u017en\u011b odes\u00edlaj\u00ed e-mailem a publikuj\u00ed na soci\u00e1ln\u00edch s\u00edt\u00edch, ov\u0161em ruku na srdce \u2013 jak kvalitn\u00ed videa a jak kvalitn\u00ed sn\u00edmky tudy koluj\u00ed? Ve v\u011bt\u0161in\u011b p\u0159\u00edpad\u016f, slu\u0161n\u011b \u0159e\u010deno, \u201enic moc\u201c. Chcete-li se skute\u010dn\u011b pokochat n\u00e1dhern\u00fdmi z\u00e1b\u011bry s\u00a0vysokou hloubkou ostrosti a vychutnat si atmosf\u00e9ru panoramatu, kter\u00fd poskytuje v\u00fdhled nap\u0159. rozhledna na Kleti, mus\u00edte m\u00edt k\u00a0dispozici zrcadlovku. Digit\u00e1ln\u00ed, \u010di analogovou.Ale to nen\u00ed v\u0161e. V\u00edte, \u017ee n\u011bkte\u0159\u00ed fotografov\u00e9, profesion\u00e1ln\u00ed, \u010di amat\u00e9r\u0161t\u00ed na vysok\u00e9 \u00farovni, v\u00e1m potvrd\u00ed, \u017ee mohou vykouzlit neuv\u011b\u0159iteln\u00e9 z\u00e1b\u011bry i s\u00a0docela primitivn\u00edm fo\u0165\u00e1\u010dkem z\u00a0doby socialismu, po\u0159\u00edzen\u00fdm velice levn\u011b?\u00a0 Pochopiteln\u011b by m\u011bl m\u00edt slu\u0161nou optiku, ale elektronika tu nen\u00ed pot\u0159eba.Um\u011bt fotit, nen\u00ed jen tak, je to sv\u00fdm zp\u016fsobem \u017eivotn\u00ed styl a ur\u010dit\u00e9 dobrodru\u017estv\u00ed, proto\u017ee zku\u0161en\u00fd fotograf dob\u0159e v\u00ed, co znamen\u00e1 clona a \u010das, jak a kdy pou\u017e\u00edt stativ, jak fotit mikrosn\u00edmky, jak zv\u00ed\u0159ata v\u00a0pohybu, a hlavn\u011b jak si hr\u00e1t se sv\u011btlem a st\u00ednem a celkovou kompozic\u00ed z\u00e1b\u011bru.Vztahy mezi clonou a \u010dasem se daj\u00ed odvodit a nau\u010dit, ale pro kompozici mus\u00edte m\u00edt cit. Mus\u00edte m\u00edt estetick\u00e9 vn\u00edm\u00e1n\u00ed na takov\u00e9 \u00farovni, abyste dok\u00e1zali posoudit, jak div\u00e1ka nadchne docela prost\u00e9 vesnick\u00e9 staven\u00ed na louce, obklopen\u00e9 lesem, s\u00a0modrou oblohou a kudrnat\u00fdmi ber\u00e1nky nad hlavou, kdy\u017e k\u00a0n\u011bmu p\u0159istoup\u00edte z\u00a0ur\u010dit\u00e9ho \u00fahlu. Nen\u00ed to zkr\u00e1tka o tom chodit krajinou, ma\u010dkat spou\u0161\u0165, a v\u011b\u0159it tomu, \u017ee to \u201en\u011bjak dopadne\u201c. Mus\u00edte m\u00edt jistotu, v\u011b\u0159it si a samoz\u0159ejm\u011b odvahu experimentovat.V\u00fdhodou sou\u010dasn\u00fdch zrcadlovek je mo\u017enost experimentov\u00e1n\u00ed a skute\u010dn\u00e9ho tvo\u0159en\u00ed, proto\u017ee m\u00e1te k\u00a0dispozici pam\u011b\u0165ov\u00e9 karty a nejste z\u00e1visl\u00ed na vyvol\u00e1v\u00e1n\u00ed negativu a jeho omezen\u00fdch mo\u017enostech.                                                                                                                                                                                                                                                                                                                                                                                        4.5\/5 - (10 votes)        "},{"@context":"https:\/\/schema.org\/","@type":"BreadcrumbList","itemListElement":[{"@type":"ListItem","position":1,"name":"Kdy\u017e se stane fotografov\u00e1n\u00ed \u017eivotn\u00edm stylem","item":"https:\/\/www.kocov.cz\/kdyz-se-stane-fotografovani-zivotnim-stylem\/#breadcrumbitem"}]}]