[{"@context":"https:\/\/schema.org\/","@type":"Article","@id":"https:\/\/www.kocov.cz\/kdy-do-duchodu\/#Article","mainEntityOfPage":"https:\/\/www.kocov.cz\/kdy-do-duchodu\/","headline":"Kdy do d\u016fchodu","name":"Kdy do d\u016fchodu","description":"Cht\u011bli byste kone\u010dn\u011b \u0159e\u0161en\u00ed na v\u011b\u010dn\u011b obletovanou ot\u00e1zku? Pr\u00e1v\u011b tato ot\u00e1zka kdy do d\u016fchodu je velice sv\u00e9r\u00e1zn\u00e1, proto je lep\u0161\u00ed, kdy\u017e si ji&#46;&#46;&#46;","datePublished":"2025-04-19","dateModified":"2025-04-19","author":{"@type":"Person","@id":"https:\/\/www.kocov.cz\/author\/#Person","name":"","url":"https:\/\/www.kocov.cz\/author\/","identifier":1,"image":{"@type":"ImageObject","@id":"https:\/\/secure.gravatar.com\/avatar\/505fff4dce96a6fd9b2c3bab9d6ad2c90e3ce4a797f024fc5ad345c11f66ba90?s=96&d=mm&r=g","url":"https:\/\/secure.gravatar.com\/avatar\/505fff4dce96a6fd9b2c3bab9d6ad2c90e3ce4a797f024fc5ad345c11f66ba90?s=96&d=mm&r=g","height":96,"width":96}},"publisher":{"@type":"Organization","name":"kocov.cz","logo":{"@type":"ImageObject","@id":"\/logo.png","url":"\/logo.png","width":600,"height":60}},"url":"https:\/\/www.kocov.cz\/kdy-do-duchodu\/","wordCount":201,"articleBody":"Cht\u011bli byste kone\u010dn\u011b \u0159e\u0161en\u00ed na v\u011b\u010dn\u011b obletovanou ot\u00e1zku? Pr\u00e1v\u011b tato ot\u00e1zka kdy do d\u016fchodu je velice sv\u00e9r\u00e1zn\u00e1, proto je lep\u0161\u00ed, kdy\u017e si ji vy\u0159e\u0161\u00edte p\u0159edem a d\u00e1le se ji\u017e nemus\u00edte zab\u00fdvat t\u011bmi slo\u017eit\u00fdmi po\u010dty. Proto vyu\u017eijte na\u0161e slu\u017eby, kter\u00e9 v\u0161e vy\u0159e\u0161\u00ed za v\u00e1s. Nab\u00edz\u00edme v\u00e1m kvalitn\u00ed slu\u017eby, na kter\u00e9 se m\u016f\u017eete spolehnout. Nejen\u017ee v\u00e1m poskytneme p\u0159\u00edstup, kter\u00fd byste jinde hledali jen t\u011b\u017eko, ale z\u00e1rove\u0148 pro v\u00e1s budeme m\u00edt jasn\u00e9 odpov\u011bdi, kter\u00e9 v\u00e1m pomohou k tomu, abyste si mohli u\u017e\u00edt d\u016fchod na maximum. Nenechte se zm\u00e1st P\u0159i po\u010d\u00edt\u00e1n\u00ed toho d\u016fchodov\u00fd v\u011bk se m\u016f\u017eete kdekoliv spl\u00e9st, proto to nechte na odborn\u00edc\u00edch, kte\u0159\u00ed si s t\u00edm porad\u00ed. Pr\u00e1v\u011b my jsme ti, kter\u00fdm byste m\u011bli p\u0159enechat ot\u00e1zku kdy do d\u016fchodu a s t\u00edm ve\u0161ker\u00e9 starosti, kter\u00e9 se k tomu v\u00e1\u017eou, proto\u017ee my se sna\u017e\u00edme o v\u00e1s lep\u0161\u00ed d\u016fchodov\u00fd \u017eivot.                                                                                                                                                                                                                                                                                                                                                                                                "},{"@context":"https:\/\/schema.org\/","@type":"BreadcrumbList","itemListElement":[{"@type":"ListItem","position":1,"name":"Kdy do d\u016fchodu","item":"https:\/\/www.kocov.cz\/kdy-do-duchodu\/#breadcrumbitem"}]}]