[{"@context":"https:\/\/schema.org\/","@type":"Article","@id":"https:\/\/www.kocov.cz\/dum-x-byt\/#Article","mainEntityOfPage":"https:\/\/www.kocov.cz\/dum-x-byt\/","headline":"D\u016fm x Byt","name":"D\u016fm x Byt","description":"1) Pokud se chyst\u00e1te kupovat nemovitost a rozhodujete se mezi domem a bytem, mus\u00edte br\u00e1t v potaz, \u017ee s domem si kupujete i&#46;&#46;&#46;","datePublished":"2020-02-04","dateModified":"2023-05-02","author":{"@type":"Person","@id":"https:\/\/www.kocov.cz\/author\/#Person","name":"","url":"https:\/\/www.kocov.cz\/author\/","identifier":1,"image":{"@type":"ImageObject","@id":"https:\/\/secure.gravatar.com\/avatar\/505fff4dce96a6fd9b2c3bab9d6ad2c90e3ce4a797f024fc5ad345c11f66ba90?s=96&d=mm&r=g","url":"https:\/\/secure.gravatar.com\/avatar\/505fff4dce96a6fd9b2c3bab9d6ad2c90e3ce4a797f024fc5ad345c11f66ba90?s=96&d=mm&r=g","height":96,"width":96}},"publisher":{"@type":"Organization","name":"kocov.cz","logo":{"@type":"ImageObject","@id":"\/logo.png","url":"\/logo.png","width":600,"height":60}},"image":{"@type":"ImageObject","@id":"https:\/\/www.kocov.cz\/wp-content\/uploads\/img_a370322_w4267_t1582040767.jpg","url":"https:\/\/www.kocov.cz\/wp-content\/uploads\/img_a370322_w4267_t1582040767.jpg","height":0,"width":0},"url":"https:\/\/www.kocov.cz\/dum-x-byt\/","about":["D\u016fm"],"wordCount":426,"articleBody":"1) Pokud se chyst\u00e1te kupovat nemovitost a rozhodujete se mezi domem a bytem, mus\u00edte br\u00e1t v potaz, \u017ee s domem si kupujete i vlastn\u00ed pozemek, s bytem nikoli. Tud\u00ed\u017e pokud by V\u00e1m koupen\u00fd d\u016fm prostorov\u011b nevyhovoval, nic by V\u00e1m nebr\u00e1nilo v tom si ho klidn\u011b cel\u00fd p\u0159estav\u011bt, v byt\u011b si m\u016f\u017eete ud\u011blat p\u00e1r m\u00edrn\u00fdch \u00faprav, ale velk\u00e9 zm\u011bny tam nesvedete.   2) Jako dal\u0161\u00ed v\u00fdhodu domu m\u016f\u017eeme br\u00e1t soukrom\u00ed, v\u011bt\u0161ina dom\u016f jsou samostatn\u00e1, odd\u011blen\u00e1 od ostatn\u00edch. Naopak byty m\u00e1te spojen\u00e9 zdmi od se sousedy, tud\u00ed\u017e soused\u00e9 sly\u0161\u00ed v\u0161e, co d\u011bl\u00e1te hlasit\u011bji, tak\u017ee pokud nem\u00e1te tolerantn\u00ed sousedy, m\u016f\u017eete nap\u0159\u00edklad na ve\u010d\u00edrky s p\u0159\u00e1teli \u010di poslech hlasit\u00e9 hudby zapomenout. 3) Kdo m\u00e1 r\u00e1d zv\u00ed\u0159ata a vlastn\u00ed byt, m\u016f\u017ee \u010dasto na tuhle mo\u017enost zapomenout. Spousta majitel\u016f bytovek zakazuje vod\u011bn\u00ed ps\u016f dovnit\u0159 byt\u016f. Naopak d\u016fm m\u00e1 v\u00fdhodu tu, \u017ee \u010dasto pozemek zahrnuje i zahradu, tak\u017ee V\u00e1\u0161 mazl\u00edk m\u016f\u017ee pob\u00fdvat bu\u010f na pr\u00e1v\u011b zmi\u0148ovan\u00e9 zahrad\u011b, nebo ve Va\u0161em dom\u011b, kde mu to nikdo jin\u00fd ne\u017e vy nem\u016f\u017ee zak\u00e1zat. 4) Naopak nev\u00fdhodou domu pro n\u011bkoho m\u016f\u017ee b\u00fdt nap\u0159\u00edklad v\u00edce starost\u00ed a pr\u00e1ce ne\u017e v byt\u011b. D\u016fm m\u00e1 \u010dasto v\u00edce prostor, spad\u00e1 na n\u011bj tak\u00e9 v\u00edce \u00faklidu, starost o zahradu. Tohle v byt\u011b moc \u0159e\u0161it nemus\u00edte. 5) Pokud si kop\u00edte d\u016fm, m\u016f\u017eeme se bavit i o n\u011bjak\u00e9 jistot\u011b pro dal\u0161\u00ed generace, berme v potaz to, \u017ee jednou budete m\u00edt d\u011bti nebo v sou\u010dasn\u00e9 dob\u011b u\u017e m\u00e1te a ty budou ur\u010dit\u011b vd\u011b\u010dn\u00ed za jak\u00e9si \u201c\u00fato\u010di\u0161t\u011b\u201c t\u0159eba v druh\u00e9m pat\u0159e, dokud sami nebudou finan\u010dn\u011b dostate\u010dn\u011b zaopat\u0159en\u00ed a mohli se osamostatnit.  6) Nev\u00fdhoda m\u016f\u017ee b\u00fdt finan\u010dn\u00ed str\u00e1nka, \u00fadr\u017eba domu je finan\u010dn\u011b rozhodn\u011b n\u00e1ro\u010dn\u011bj\u0161\u00ed, a\u0165 u\u017e se jedn\u00e1 o v\u00fdstavbu, vybaven\u00ed, \u010di \u00fadr\u017ebu. 7) Nakonec bude d\u016fm hlavn\u011b spr\u00e1vn\u00e1 a radostn\u00e1 volba jak pro V\u00e1s, tak pro Va\u0161e d\u011bti, ty ur\u010dit\u011b v\u00edce uv\u00edtaj\u00ed, kdy\u017e se budou moci prob\u011bhnout po zahrad\u011b ne\u017e sed\u011bt v pokoj\u00edku se strachem j\u00edt na s\u00eddli\u0161t\u011b. A spole\u010dn\u011b str\u00e1ven\u00e9 hezk\u00e9 chv\u00edle na vlastn\u00ed zahrad\u011b maj\u00ed taky n\u011bco do sebe.                                                                                                                                                                                                                                                                                                                                                                                         3.8\/5 - (10 votes)        "},{"@context":"https:\/\/schema.org\/","@type":"BreadcrumbList","itemListElement":[{"@type":"ListItem","position":1,"name":"D\u016fm x Byt","item":"https:\/\/www.kocov.cz\/dum-x-byt\/#breadcrumbitem"}]}]